{"id":2858,"date":"2026-09-02T21:44:34","date_gmt":"2026-09-02T19:44:34","guid":{"rendered":"https:\/\/haenigsen.de\/?p=2858"},"modified":"2026-09-02T21:51:31","modified_gmt":"2026-09-02T19:51:31","slug":"25-pappaul-fest-am-20-september-2026","status":"publish","type":"post","link":"https:\/\/haenigsen.de\/en\/25-pappaul-fest-am-20-september-2026\/","title":{"rendered":"25. Pappaul-Fest am 20. September 2026"},"content":{"rendered":"<p class=\"wp-block-paragraph\">Am Sonntag, 20. September 2026, findet das beliebte Pappaul-Fest bereits zum <strong>25. Mal<\/strong> statt. Los geht es um <strong>10.30 Uhr<\/strong> vor dem Haus \u201eAm Pappaul\u201c.<\/p>\n\n\n\n<p class=\"wp-block-paragraph\">Er\u00f6ffnet wird das Jubil\u00e4umsfest traditionell mit einem <strong>\u00f6kumenischen Freiluftgottesdienst<\/strong> vor dem Dorfgemeinschaftshaus. Gestaltet wird der Gottesdienst von Stefan Horn von der katholischen Pfarrgemeinde und Diakonin Michaela Herrmann.<\/p>\n\n\n\n<p class=\"wp-block-paragraph\">Im Anschluss sorgt der <strong>Spielmannszug Riedel H\u00e4nigsen<\/strong> mit einem Platzkonzert f\u00fcr die musikalische Einstimmung auf den Festtag. Verschiedene H\u00e4nigser Vereine, Nutzerinnen und Nutzer des Hauses \u201eAm Pappaul\u201c sowie die Kindertagesst\u00e4tten haben wieder ein abwechslungsreiches Programm und zahlreiche kulinarische Angebote vorbereitet.<\/p>\n\n\n\n<p class=\"wp-block-paragraph\"><strong>Buntes Programm f\u00fcr Gro\u00df und Klein<\/strong><\/p>\n\n\n\n<p class=\"wp-block-paragraph\">Auch die j\u00fcngsten Turnerinnen und Turner des <strong>TSV Friesen H\u00e4nigsen<\/strong> zeigen bei dem Dorffest ihr K\u00f6nnen. F\u00fcr die kleinen G\u00e4ste gibt es au\u00dferdem jede Menge M\u00f6glichkeiten zum Mitmachen: Eine <strong>Strohburg<\/strong>, Lichtpunktgewehrschie\u00dfen sowie kreative Bastel- und Spielangebote der Jugendpflege vom Pappaul, der H\u00e4nigser Kinderg\u00e4rten und der Kunstspirale sorgen f\u00fcr Unterhaltung.<\/p>\n\n\n\n<p class=\"wp-block-paragraph\">F\u00fcr die musikalische Begleitung des Tages sorgen neben dem Spielmannszug Riedel H\u00e4nigsen auch <strong>DJ \u201ePucky\u201c<\/strong>.<\/p>\n\n\n\n<p class=\"wp-block-paragraph\"><strong>Vielf\u00e4ltiges Angebot f\u00fcr das leibliche Wohl<\/strong><\/p>\n\n\n\n<p class=\"wp-block-paragraph\">Auch kulinarisch hat das Pappaul-Fest einiges zu bieten. Auf die Besucherinnen und Besucher warten unter anderem Waffeln, Gegrilltes, frische Salate sowie eine Auswahl an <strong>jesidischen Spezialit\u00e4ten<\/strong> wie B\u00f6rek, gef\u00fcllten Bl\u00e4tterteigteilen, Baklava und Tsatsiki.<\/p>\n\n\n\n<p class=\"wp-block-paragraph\">Dar\u00fcber hinaus gibt es einen Cocktailstand mit warmen Brezeln sowie Zwiebelkuchen und Federwei\u00dfen. In der Kaffeestube laden selbstgebackener Kuchen und am Waffelstand frisch zubereitete Waffeln zum gem\u00fctlichen Verweilen ein.<\/p>\n\n\n\n<p class=\"wp-block-paragraph\"><strong>Andenken an H\u00e4nigsen<\/strong><\/p>\n\n\n\n<p class=\"wp-block-paragraph\">Wer ein St\u00fcck H\u00e4nigsen mit nach Hause nehmen m\u00f6chte, findet beim Fest au\u00dferdem verschiedene Angebote zum Kauf. Dazu geh\u00f6ren jahreszeitlicher Blumenschmuck, mit dem Pappaul-Motiv bedruckte Stofftaschen, die Brosch\u00fcre <strong>\u201e800 Jahre H\u00e4nigsen\u201c<\/strong> sowie Becher anl\u00e4sslich des 800-j\u00e4hrigen Bestehens unserer Ortschaft.<\/p>\n\n\n\n<p class=\"wp-block-paragraph\">Die Nutzerinnen und Nutzer des Hauses \u201eAm Pappaul\u201c laden alle H\u00e4nigserinnen und H\u00e4nigser sowie Interessierte herzlich ein, gemeinsam das <strong>25. Pappaul-Fest<\/strong> zu feiern.<\/p>\n\n\n\n<p class=\"wp-block-paragraph\"><strong>Der Erl\u00f6s des Festes kommt Investitionen f\u00fcr die Nutzung des Hauses \u201eAm Pappaul\u201c sowie Dorfprojekten in H\u00e4nigsen zugute.<\/strong><\/p>\n\n\n\n<p class=\"wp-block-paragraph\"><strong>Termin:<\/strong> Sonntag, 20. September 2026<br><strong>Beginn:<\/strong> 10.30 Uhr<br><strong>Ort:<\/strong> Haus \u201eAm Pappaul\u201c \/ Dorfgemeinschaftshaus H\u00e4nigsen<\/p>\n\n\n\n<p class=\"wp-block-paragraph\">Wir freuen uns auf viele Besucherinnen und Besucher und einen sch\u00f6nen gemeinsamen Festtag!<\/p>\n\n\n\n<p class=\"wp-block-paragraph\"><\/p>","protected":false},"excerpt":{"rendered":"<p>Am Sonntag, 20. September 2026, findet das beliebte Pappaul-Fest bereits zum 25. Mal statt. Los geht es um 10.30 Uhr vor dem Haus \u201eAm Pappaul\u201c. Er\u00f6ffnet wird das Jubil\u00e4umsfest traditionell mit einem \u00f6kumenischen Freiluftgottesdienst vor dem Dorfgemeinschaftshaus. Gestaltet wird der Gottesdienst von Stefan Horn von der katholischen Pfarrgemeinde und Diakonin Michaela Herrmann. Im Anschluss sorgt [&hellip;]<\/p>\n","protected":false},"author":1,"featured_media":2851,"comment_status":"closed","ping_status":"open","sticky":false,"template":"","format":"standard","meta":{"footnotes":""},"categories":[104],"tags":[],"class_list":["post-2858","post","type-post","status-publish","format-standard","has-post-thumbnail","hentry","category-veranstaltungen-vereinsleben"],"yoast_head":"<!-- This site is optimized with the Yoast SEO plugin v28.4 - https:\/\/yoast.com\/product\/yoast-seo-wordpress\/ -->\n<title>25. Pappaul-Fest am 20. September 2026 - H\u00e4nigsen<\/title>\n<meta name=\"description\" content=\"25. Pappaul-Fest in H\u00e4nigsen am 20. September 2026: Freiluftgottesdienst, Musik, Kinderprogramm, kulinarische Spezialit\u00e4ten und Unterhaltung f\u00fcr die ganze Familie.\" \/>\n<meta name=\"robots\" content=\"index, follow, max-snippet:-1, max-image-preview:large, max-video-preview:-1\" \/>\n<link rel=\"canonical\" href=\"https:\/\/haenigsen.de\/en\/25-pappaul-fest-am-20-september-2026\/\" \/>\n<meta property=\"og:locale\" content=\"en_GB\" \/>\n<meta property=\"og:type\" content=\"article\" \/>\n<meta property=\"og:title\" content=\"25. Pappaul-Fest am 20. September 2026 - H\u00e4nigsen\" \/>\n<meta property=\"og:description\" content=\"25. Pappaul-Fest in H\u00e4nigsen am 20. September 2026: Freiluftgottesdienst, Musik, Kinderprogramm, kulinarische Spezialit\u00e4ten und Unterhaltung f\u00fcr die ganze Familie.\" \/>\n<meta property=\"og:url\" content=\"https:\/\/haenigsen.de\/en\/25-pappaul-fest-am-20-september-2026\/\" \/>\n<meta property=\"og:site_name\" content=\"H\u00e4nigsen\" \/>\n<meta property=\"article:published_time\" content=\"2026-09-02T19:44:34+00:00\" \/>\n<meta property=\"article:modified_time\" content=\"2026-09-02T19:51:31+00:00\" \/>\n<meta property=\"og:image\" content=\"https:\/\/haenigsen.de\/wp-content\/uploads\/2026\/08\/c172f8e2-11bd-49b3-9c16-45529fc95aae.jpeg\" \/>\n\t<meta property=\"og:image:width\" content=\"1079\" \/>\n\t<meta property=\"og:image:height\" content=\"1503\" \/>\n\t<meta property=\"og:image:type\" content=\"image\/jpeg\" \/>\n<meta name=\"author\" content=\"Christian Oldendorf\" \/>\n<meta name=\"twitter:card\" content=\"summary_large_image\" \/>\n<meta name=\"twitter:label1\" content=\"Written by\" \/>\n\t<meta name=\"twitter:data1\" content=\"Christian Oldendorf\" \/>\n\t<meta name=\"twitter:label2\" content=\"Estimated reading time\" \/>\n\t<meta name=\"twitter:data2\" content=\"3 minutes\" \/>\n<script type=\"application\/ld+json\" class=\"yoast-schema-graph\">{\"@context\":\"https:\\\/\\\/schema.org\",\"@graph\":[{\"@type\":\"Article\",\"@id\":\"https:\\\/\\\/haenigsen.de\\\/25-pappaul-fest-am-20-september-2026\\\/#article\",\"isPartOf\":{\"@id\":\"https:\\\/\\\/haenigsen.de\\\/25-pappaul-fest-am-20-september-2026\\\/\"},\"author\":{\"name\":\"Christian Oldendorf\",\"@id\":\"https:\\\/\\\/haenigsen.de\\\/#\\\/schema\\\/person\\\/66f2c16f7fe712b2e7335030d88bd5a3\"},\"headline\":\"25. Pappaul-Fest am 20. September 2026\",\"datePublished\":\"2026-09-02T19:44:34+00:00\",\"dateModified\":\"2026-09-02T19:51:31+00:00\",\"mainEntityOfPage\":{\"@id\":\"https:\\\/\\\/haenigsen.de\\\/25-pappaul-fest-am-20-september-2026\\\/\"},\"wordCount\":380,\"publisher\":{\"@id\":\"https:\\\/\\\/haenigsen.de\\\/#organization\"},\"image\":{\"@id\":\"https:\\\/\\\/haenigsen.de\\\/25-pappaul-fest-am-20-september-2026\\\/#primaryimage\"},\"thumbnailUrl\":\"https:\\\/\\\/haenigsen.de\\\/wp-content\\\/uploads\\\/2026\\\/08\\\/c172f8e2-11bd-49b3-9c16-45529fc95aae.jpeg\",\"articleSection\":[\"Veranstaltungen &amp; Vereinsleben\"],\"inLanguage\":\"en-GB\"},{\"@type\":\"WebPage\",\"@id\":\"https:\\\/\\\/haenigsen.de\\\/25-pappaul-fest-am-20-september-2026\\\/\",\"url\":\"https:\\\/\\\/haenigsen.de\\\/25-pappaul-fest-am-20-september-2026\\\/\",\"name\":\"25. Pappaul-Fest am 20. September 2026 - H\u00e4nigsen\",\"isPartOf\":{\"@id\":\"https:\\\/\\\/haenigsen.de\\\/#website\"},\"primaryImageOfPage\":{\"@id\":\"https:\\\/\\\/haenigsen.de\\\/25-pappaul-fest-am-20-september-2026\\\/#primaryimage\"},\"image\":{\"@id\":\"https:\\\/\\\/haenigsen.de\\\/25-pappaul-fest-am-20-september-2026\\\/#primaryimage\"},\"thumbnailUrl\":\"https:\\\/\\\/haenigsen.de\\\/wp-content\\\/uploads\\\/2026\\\/08\\\/c172f8e2-11bd-49b3-9c16-45529fc95aae.jpeg\",\"datePublished\":\"2026-09-02T19:44:34+00:00\",\"dateModified\":\"2026-09-02T19:51:31+00:00\",\"description\":\"25. Pappaul-Fest in H\u00e4nigsen am 20. September 2026: Freiluftgottesdienst, Musik, Kinderprogramm, kulinarische Spezialit\u00e4ten und Unterhaltung f\u00fcr die ganze Familie.\",\"breadcrumb\":{\"@id\":\"https:\\\/\\\/haenigsen.de\\\/25-pappaul-fest-am-20-september-2026\\\/#breadcrumb\"},\"inLanguage\":\"en-GB\",\"potentialAction\":[{\"@type\":\"ReadAction\",\"target\":[\"https:\\\/\\\/haenigsen.de\\\/25-pappaul-fest-am-20-september-2026\\\/\"]}]},{\"@type\":\"ImageObject\",\"inLanguage\":\"en-GB\",\"@id\":\"https:\\\/\\\/haenigsen.de\\\/25-pappaul-fest-am-20-september-2026\\\/#primaryimage\",\"url\":\"https:\\\/\\\/haenigsen.de\\\/wp-content\\\/uploads\\\/2026\\\/08\\\/c172f8e2-11bd-49b3-9c16-45529fc95aae.jpeg\",\"contentUrl\":\"https:\\\/\\\/haenigsen.de\\\/wp-content\\\/uploads\\\/2026\\\/08\\\/c172f8e2-11bd-49b3-9c16-45529fc95aae.jpeg\",\"width\":1079,\"height\":1503},{\"@type\":\"BreadcrumbList\",\"@id\":\"https:\\\/\\\/haenigsen.de\\\/25-pappaul-fest-am-20-september-2026\\\/#breadcrumb\",\"itemListElement\":[{\"@type\":\"ListItem\",\"position\":1,\"name\":\"Startseite\",\"item\":\"https:\\\/\\\/haenigsen.de\\\/\"},{\"@type\":\"ListItem\",\"position\":2,\"name\":\"25. Pappaul-Fest am 20. September 2026\"}]},{\"@type\":\"WebSite\",\"@id\":\"https:\\\/\\\/haenigsen.de\\\/#website\",\"url\":\"https:\\\/\\\/haenigsen.de\\\/\",\"name\":\"H\u00e4nigsen\",\"description\":\"Ortschaft der Region Hannover\",\"publisher\":{\"@id\":\"https:\\\/\\\/haenigsen.de\\\/#organization\"},\"potentialAction\":[{\"@type\":\"SearchAction\",\"target\":{\"@type\":\"EntryPoint\",\"urlTemplate\":\"https:\\\/\\\/haenigsen.de\\\/?s={search_term_string}\"},\"query-input\":{\"@type\":\"PropertyValueSpecification\",\"valueRequired\":true,\"valueName\":\"search_term_string\"}}],\"inLanguage\":\"en-GB\"},{\"@type\":\"Organization\",\"@id\":\"https:\\\/\\\/haenigsen.de\\\/#organization\",\"name\":\"H\u00e4nigsen\",\"url\":\"https:\\\/\\\/haenigsen.de\\\/\",\"logo\":{\"@type\":\"ImageObject\",\"inLanguage\":\"en-GB\",\"@id\":\"https:\\\/\\\/haenigsen.de\\\/#\\\/schema\\\/logo\\\/image\\\/\",\"url\":\"https:\\\/\\\/haenigsen.de\\\/wp-content\\\/uploads\\\/2025\\\/08\\\/EB12A630-FD13-4357-A4DD-A57FE09F5688.jpeg\",\"contentUrl\":\"https:\\\/\\\/haenigsen.de\\\/wp-content\\\/uploads\\\/2025\\\/08\\\/EB12A630-FD13-4357-A4DD-A57FE09F5688.jpeg\",\"width\":642,\"height\":749,\"caption\":\"H\u00e4nigsen\"},\"image\":{\"@id\":\"https:\\\/\\\/haenigsen.de\\\/#\\\/schema\\\/logo\\\/image\\\/\"}},{\"@type\":\"Person\",\"@id\":\"https:\\\/\\\/haenigsen.de\\\/#\\\/schema\\\/person\\\/66f2c16f7fe712b2e7335030d88bd5a3\",\"name\":\"Christian Oldendorf\",\"image\":{\"@type\":\"ImageObject\",\"inLanguage\":\"en-GB\",\"@id\":\"https:\\\/\\\/secure.gravatar.com\\\/avatar\\\/461b06a64bb435d7c819d60a6350185e45a6b88a3985f2fb5330ce556c40301c?s=96&r=g\",\"url\":\"https:\\\/\\\/secure.gravatar.com\\\/avatar\\\/461b06a64bb435d7c819d60a6350185e45a6b88a3985f2fb5330ce556c40301c?s=96&r=g\",\"contentUrl\":\"https:\\\/\\\/secure.gravatar.com\\\/avatar\\\/461b06a64bb435d7c819d60a6350185e45a6b88a3985f2fb5330ce556c40301c?s=96&r=g\",\"caption\":\"Christian Oldendorf\"},\"sameAs\":[\"https:\\\/\\\/haenigsen.de\",\"https:\\\/\\\/www.linkedin.com\\\/in\\\/christian-oldendorf\"],\"url\":\"https:\\\/\\\/haenigsen.de\\\/en\\\/personen\\\/christian-oldendorf\\\/\"}]}<\/script>\n<!-- \/ Yoast SEO plugin. -->","yoast_head_json":{"title":"25. Pappaul-Fest am 20. September 2026 - H\u00e4nigsen","description":"25. Pappaul-Fest in H\u00e4nigsen am 20. September 2026: Freiluftgottesdienst, Musik, Kinderprogramm, kulinarische Spezialit\u00e4ten und Unterhaltung f\u00fcr die ganze Familie.","robots":{"index":"index","follow":"follow","max-snippet":"max-snippet:-1","max-image-preview":"max-image-preview:large","max-video-preview":"max-video-preview:-1"},"canonical":"https:\/\/haenigsen.de\/en\/25-pappaul-fest-am-20-september-2026\/","og_locale":"en_GB","og_type":"article","og_title":"25. Pappaul-Fest am 20. September 2026 - H\u00e4nigsen","og_description":"25. Pappaul-Fest in H\u00e4nigsen am 20. September 2026: Freiluftgottesdienst, Musik, Kinderprogramm, kulinarische Spezialit\u00e4ten und Unterhaltung f\u00fcr die ganze Familie.","og_url":"https:\/\/haenigsen.de\/en\/25-pappaul-fest-am-20-september-2026\/","og_site_name":"H\u00e4nigsen","article_published_time":"2026-09-02T19:44:34+00:00","article_modified_time":"2026-09-02T19:51:31+00:00","og_image":[{"width":1079,"height":1503,"url":"https:\/\/haenigsen.de\/wp-content\/uploads\/2026\/08\/c172f8e2-11bd-49b3-9c16-45529fc95aae.jpeg","type":"image\/jpeg"}],"author":"Christian Oldendorf","twitter_card":"summary_large_image","twitter_misc":{"Written by":"Christian Oldendorf","Estimated reading time":"3 minutes"},"schema":{"@context":"https:\/\/schema.org","@graph":[{"@type":"Article","@id":"https:\/\/haenigsen.de\/25-pappaul-fest-am-20-september-2026\/#article","isPartOf":{"@id":"https:\/\/haenigsen.de\/25-pappaul-fest-am-20-september-2026\/"},"author":{"name":"Christian Oldendorf","@id":"https:\/\/haenigsen.de\/#\/schema\/person\/66f2c16f7fe712b2e7335030d88bd5a3"},"headline":"25. Pappaul-Fest am 20. September 2026","datePublished":"2026-09-02T19:44:34+00:00","dateModified":"2026-09-02T19:51:31+00:00","mainEntityOfPage":{"@id":"https:\/\/haenigsen.de\/25-pappaul-fest-am-20-september-2026\/"},"wordCount":380,"publisher":{"@id":"https:\/\/haenigsen.de\/#organization"},"image":{"@id":"https:\/\/haenigsen.de\/25-pappaul-fest-am-20-september-2026\/#primaryimage"},"thumbnailUrl":"https:\/\/haenigsen.de\/wp-content\/uploads\/2026\/08\/c172f8e2-11bd-49b3-9c16-45529fc95aae.jpeg","articleSection":["Veranstaltungen &amp; Vereinsleben"],"inLanguage":"en-GB"},{"@type":"WebPage","@id":"https:\/\/haenigsen.de\/25-pappaul-fest-am-20-september-2026\/","url":"https:\/\/haenigsen.de\/25-pappaul-fest-am-20-september-2026\/","name":"25. Pappaul-Fest am 20. September 2026 - H\u00e4nigsen","isPartOf":{"@id":"https:\/\/haenigsen.de\/#website"},"primaryImageOfPage":{"@id":"https:\/\/haenigsen.de\/25-pappaul-fest-am-20-september-2026\/#primaryimage"},"image":{"@id":"https:\/\/haenigsen.de\/25-pappaul-fest-am-20-september-2026\/#primaryimage"},"thumbnailUrl":"https:\/\/haenigsen.de\/wp-content\/uploads\/2026\/08\/c172f8e2-11bd-49b3-9c16-45529fc95aae.jpeg","datePublished":"2026-09-02T19:44:34+00:00","dateModified":"2026-09-02T19:51:31+00:00","description":"25. Pappaul-Fest in H\u00e4nigsen am 20. September 2026: Freiluftgottesdienst, Musik, Kinderprogramm, kulinarische Spezialit\u00e4ten und Unterhaltung f\u00fcr die ganze Familie.","breadcrumb":{"@id":"https:\/\/haenigsen.de\/25-pappaul-fest-am-20-september-2026\/#breadcrumb"},"inLanguage":"en-GB","potentialAction":[{"@type":"ReadAction","target":["https:\/\/haenigsen.de\/25-pappaul-fest-am-20-september-2026\/"]}]},{"@type":"ImageObject","inLanguage":"en-GB","@id":"https:\/\/haenigsen.de\/25-pappaul-fest-am-20-september-2026\/#primaryimage","url":"https:\/\/haenigsen.de\/wp-content\/uploads\/2026\/08\/c172f8e2-11bd-49b3-9c16-45529fc95aae.jpeg","contentUrl":"https:\/\/haenigsen.de\/wp-content\/uploads\/2026\/08\/c172f8e2-11bd-49b3-9c16-45529fc95aae.jpeg","width":1079,"height":1503},{"@type":"BreadcrumbList","@id":"https:\/\/haenigsen.de\/25-pappaul-fest-am-20-september-2026\/#breadcrumb","itemListElement":[{"@type":"ListItem","position":1,"name":"Startseite","item":"https:\/\/haenigsen.de\/"},{"@type":"ListItem","position":2,"name":"25. Pappaul-Fest am 20. September 2026"}]},{"@type":"WebSite","@id":"https:\/\/haenigsen.de\/#website","url":"https:\/\/haenigsen.de\/","name":"H\u00e4nigsen","description":"Ortschaft der Region Hannover","publisher":{"@id":"https:\/\/haenigsen.de\/#organization"},"potentialAction":[{"@type":"SearchAction","target":{"@type":"EntryPoint","urlTemplate":"https:\/\/haenigsen.de\/?s={search_term_string}"},"query-input":{"@type":"PropertyValueSpecification","valueRequired":true,"valueName":"search_term_string"}}],"inLanguage":"en-GB"},{"@type":"Organization","@id":"https:\/\/haenigsen.de\/#organization","name":"H\u00e4nigsen","url":"https:\/\/haenigsen.de\/","logo":{"@type":"ImageObject","inLanguage":"en-GB","@id":"https:\/\/haenigsen.de\/#\/schema\/logo\/image\/","url":"https:\/\/haenigsen.de\/wp-content\/uploads\/2025\/08\/EB12A630-FD13-4357-A4DD-A57FE09F5688.jpeg","contentUrl":"https:\/\/haenigsen.de\/wp-content\/uploads\/2025\/08\/EB12A630-FD13-4357-A4DD-A57FE09F5688.jpeg","width":642,"height":749,"caption":"H\u00e4nigsen"},"image":{"@id":"https:\/\/haenigsen.de\/#\/schema\/logo\/image\/"}},{"@type":"Person","@id":"https:\/\/haenigsen.de\/#\/schema\/person\/66f2c16f7fe712b2e7335030d88bd5a3","name":"Christian Oldendorf","image":{"@type":"ImageObject","inLanguage":"en-GB","@id":"https:\/\/secure.gravatar.com\/avatar\/461b06a64bb435d7c819d60a6350185e45a6b88a3985f2fb5330ce556c40301c?s=96&r=g","url":"https:\/\/secure.gravatar.com\/avatar\/461b06a64bb435d7c819d60a6350185e45a6b88a3985f2fb5330ce556c40301c?s=96&r=g","contentUrl":"https:\/\/secure.gravatar.com\/avatar\/461b06a64bb435d7c819d60a6350185e45a6b88a3985f2fb5330ce556c40301c?s=96&r=g","caption":"Christian Oldendorf"},"sameAs":["https:\/\/haenigsen.de","https:\/\/www.linkedin.com\/in\/christian-oldendorf"],"url":"https:\/\/haenigsen.de\/en\/personen\/christian-oldendorf\/"}]}},"_links":{"self":[{"href":"https:\/\/haenigsen.de\/en\/wp-json\/wp\/v2\/posts\/2858","targetHints":{"allow":["GET"]}}],"collection":[{"href":"https:\/\/haenigsen.de\/en\/wp-json\/wp\/v2\/posts"}],"about":[{"href":"https:\/\/haenigsen.de\/en\/wp-json\/wp\/v2\/types\/post"}],"author":[{"embeddable":true,"href":"https:\/\/haenigsen.de\/en\/wp-json\/wp\/v2\/users\/1"}],"replies":[{"embeddable":true,"href":"https:\/\/haenigsen.de\/en\/wp-json\/wp\/v2\/comments?post=2858"}],"version-history":[{"count":1,"href":"https:\/\/haenigsen.de\/en\/wp-json\/wp\/v2\/posts\/2858\/revisions"}],"predecessor-version":[{"id":2859,"href":"https:\/\/haenigsen.de\/en\/wp-json\/wp\/v2\/posts\/2858\/revisions\/2859"}],"wp:featuredmedia":[{"embeddable":true,"href":"https:\/\/haenigsen.de\/en\/wp-json\/wp\/v2\/media\/2851"}],"wp:attachment":[{"href":"https:\/\/haenigsen.de\/en\/wp-json\/wp\/v2\/media?parent=2858"}],"wp:term":[{"taxonomy":"category","embeddable":true,"href":"https:\/\/haenigsen.de\/en\/wp-json\/wp\/v2\/categories?post=2858"},{"taxonomy":"post_tag","embeddable":true,"href":"https:\/\/haenigsen.de\/en\/wp-json\/wp\/v2\/tags?post=2858"}],"curies":[{"name":"wp","href":"https:\/\/api.w.org\/{rel}","templated":true}]}}